{"id":630,"date":"2023-04-08T10:45:00","date_gmt":"2023-04-08T08:45:00","guid":{"rendered":"https:\/\/thomaswillems.de\/mtb\/?p=630"},"modified":"2023-04-19T10:39:51","modified_gmt":"2023-04-19T08:39:51","slug":"08-04-23-moseltour-trittenheim","status":"publish","type":"post","link":"https:\/\/thomaswillems.de\/mtb\/index.php\/2023\/04\/08\/08-04-23-moseltour-trittenheim\/","title":{"rendered":"08.04.23 Moseltour Trittenheim"},"content":{"rendered":"\n<p>Wochenendtour mit Marita, Biggi und J\u00fcrgen (und Milow im Anh\u00e4nger) an der Mosel entlang (immer wieder sch\u00f6n) bis Trittenheim. \u00dcber die Mosel und den Kl\u00fcsserather Berg hoch. Th\u00f6rnich \u00fcber die Mosel und Radweg und Weinberg Longuich zur\u00fcck.<\/p>\n\n\n\n<iframe loading=\"lazy\" src=\"https:\/\/www.komoot.de\/tour\/1073484049\/embed?profile=1\" width=\"100%\" height=\"700\" frameborder=\"0\" scrolling=\"no\"><\/iframe>\n","protected":false},"excerpt":{"rendered":"<p>Wochenendtour mit Marita, Biggi und J\u00fcrgen (und Milow im Anh\u00e4nger) an der Mosel entlang (immer wieder sch\u00f6n) bis Trittenheim. \u00dcber die Mosel und den Kl\u00fcsserather Berg hoch. Th\u00f6rnich \u00fcber die Mosel und Radweg und Weinberg Longuich zur\u00fcck.<\/p>\n","protected":false},"author":2,"featured_media":632,"comment_status":"open","ping_status":"open","sticky":false,"template":"","format":"standard","meta":{"ngg_post_thumbnail":0,"footnotes":""},"categories":[1],"tags":[],"class_list":["post-630","post","type-post","status-publish","format-standard","has-post-thumbnail","hentry","category-touren"],"_links":{"self":[{"href":"https:\/\/thomaswillems.de\/mtb\/index.php\/wp-json\/wp\/v2\/posts\/630","targetHints":{"allow":["GET"]}}],"collection":[{"href":"https:\/\/thomaswillems.de\/mtb\/index.php\/wp-json\/wp\/v2\/posts"}],"about":[{"href":"https:\/\/thomaswillems.de\/mtb\/index.php\/wp-json\/wp\/v2\/types\/post"}],"author":[{"embeddable":true,"href":"https:\/\/thomaswillems.de\/mtb\/index.php\/wp-json\/wp\/v2\/users\/2"}],"replies":[{"embeddable":true,"href":"https:\/\/thomaswillems.de\/mtb\/index.php\/wp-json\/wp\/v2\/comments?post=630"}],"version-history":[{"count":3,"href":"https:\/\/thomaswillems.de\/mtb\/index.php\/wp-json\/wp\/v2\/posts\/630\/revisions"}],"predecessor-version":[{"id":665,"href":"https:\/\/thomaswillems.de\/mtb\/index.php\/wp-json\/wp\/v2\/posts\/630\/revisions\/665"}],"wp:featuredmedia":[{"embeddable":true,"href":"https:\/\/thomaswillems.de\/mtb\/index.php\/wp-json\/wp\/v2\/media\/632"}],"wp:attachment":[{"href":"https:\/\/thomaswillems.de\/mtb\/index.php\/wp-json\/wp\/v2\/media?parent=630"}],"wp:term":[{"taxonomy":"category","embeddable":true,"href":"https:\/\/thomaswillems.de\/mtb\/index.php\/wp-json\/wp\/v2\/categories?post=630"},{"taxonomy":"post_tag","embeddable":true,"href":"https:\/\/thomaswillems.de\/mtb\/index.php\/wp-json\/wp\/v2\/tags?post=630"}],"curies":[{"name":"wp","href":"https:\/\/api.w.org\/{rel}","templated":true}]}}