{"id":640,"date":"2023-04-18T19:13:00","date_gmt":"2023-04-18T17:13:00","guid":{"rendered":"https:\/\/thomaswillems.de\/mtb\/?p=640"},"modified":"2023-04-19T10:47:37","modified_gmt":"2023-04-19T08:47:37","slug":"18-04-23-mehring-trailpark-thoernicherritsch-bekond","status":"publish","type":"post","link":"https:\/\/thomaswillems.de\/mtb\/index.php\/2023\/04\/18\/18-04-23-mehring-trailpark-thoernicherritsch-bekond\/","title":{"rendered":"18.04.23 Mehring Trailpark Th\u00f6rnicherRitsch Bekond"},"content":{"rendered":"\n<p>Sehr sch\u00f6ne Runde bei 14\u00b0 bedecktem Himmel aber trocken. \u00dcber Longuicher Weinberge mit einigen neuen Abschnitten nach Mehring, von dort hoch zum Trailpark bis zum Start der Blue Line (Anf\u00e4nger Mini Trail) Zum ersten mal auf den Trail und die Blue Line 3 mal gefahren. Pause danach am Felsenkreuz \u00fcber Riol. \u00dcber den sch\u00f6nen Singletrail runter zur Mosel, dort entlang bis Th\u00f6rnich und hochgek\u00e4mpft zur Ritsch. Waldpfad Th\u00f6rnischer Ritsch nach Bekond am Bauernhof \u00fcber die Felder nach Schweich.<\/p>\n\n\n\n<figure class=\"wp-block-embed is-type-video is-provider-youtube wp-block-embed-youtube wp-embed-aspect-16-9 wp-has-aspect-ratio\"><div class=\"wp-block-embed__wrapper\">\n<iframe loading=\"lazy\"  id=\"_ytid_54586\"  width=\"640\" height=\"360\"  data-origwidth=\"640\" data-origheight=\"360\" src=\"https:\/\/www.youtube.com\/embed\/CO7B5Oejo30?enablejsapi=1&#038;autoplay=0&#038;cc_load_policy=0&#038;cc_lang_pref=&#038;iv_load_policy=1&#038;loop=0&#038;rel=1&#038;fs=1&#038;playsinline=0&#038;autohide=2&#038;theme=dark&#038;color=red&#038;controls=1&#038;\" class=\"__youtube_prefs__  epyt-is-override  no-lazyload\" title=\"YouTube player\"  allow=\"fullscreen; accelerometer; autoplay; clipboard-write; encrypted-media; gyroscope; picture-in-picture\" allowfullscreen data-no-lazy=\"1\" data-skipgform_ajax_framebjll=\"\"><\/iframe>\n<\/div><\/figure>\n\n\n\n<iframe loading=\"lazy\" src=\"https:\/\/www.komoot.de\/tour\/1085248134\/embed?profile=1\" width=\"100%\" height=\"700\" frameborder=\"0\" scrolling=\"no\"><\/iframe>\n","protected":false},"excerpt":{"rendered":"<p>Sehr sch\u00f6ne Runde bei 14\u00b0 bedecktem Himmel aber trocken. \u00dcber Longuicher Weinberge mit einigen neuen Abschnitten nach Mehring, von dort hoch zum Trailpark bis zum Start der Blue Line (Anf\u00e4nger Mini Trail) Zum ersten mal auf den Trail und die&#8230;<br \/><a class=\"read-more-button\" href=\"https:\/\/thomaswillems.de\/mtb\/index.php\/2023\/04\/18\/18-04-23-mehring-trailpark-thoernicherritsch-bekond\/\">Read more<\/a><\/p>\n","protected":false},"author":2,"featured_media":648,"comment_status":"open","ping_status":"open","sticky":false,"template":"","format":"standard","meta":{"ngg_post_thumbnail":0,"footnotes":""},"categories":[1],"tags":[],"class_list":["post-640","post","type-post","status-publish","format-standard","has-post-thumbnail","hentry","category-touren"],"_links":{"self":[{"href":"https:\/\/thomaswillems.de\/mtb\/index.php\/wp-json\/wp\/v2\/posts\/640","targetHints":{"allow":["GET"]}}],"collection":[{"href":"https:\/\/thomaswillems.de\/mtb\/index.php\/wp-json\/wp\/v2\/posts"}],"about":[{"href":"https:\/\/thomaswillems.de\/mtb\/index.php\/wp-json\/wp\/v2\/types\/post"}],"author":[{"embeddable":true,"href":"https:\/\/thomaswillems.de\/mtb\/index.php\/wp-json\/wp\/v2\/users\/2"}],"replies":[{"embeddable":true,"href":"https:\/\/thomaswillems.de\/mtb\/index.php\/wp-json\/wp\/v2\/comments?post=640"}],"version-history":[{"count":3,"href":"https:\/\/thomaswillems.de\/mtb\/index.php\/wp-json\/wp\/v2\/posts\/640\/revisions"}],"predecessor-version":[{"id":670,"href":"https:\/\/thomaswillems.de\/mtb\/index.php\/wp-json\/wp\/v2\/posts\/640\/revisions\/670"}],"wp:featuredmedia":[{"embeddable":true,"href":"https:\/\/thomaswillems.de\/mtb\/index.php\/wp-json\/wp\/v2\/media\/648"}],"wp:attachment":[{"href":"https:\/\/thomaswillems.de\/mtb\/index.php\/wp-json\/wp\/v2\/media?parent=640"}],"wp:term":[{"taxonomy":"category","embeddable":true,"href":"https:\/\/thomaswillems.de\/mtb\/index.php\/wp-json\/wp\/v2\/categories?post=640"},{"taxonomy":"post_tag","embeddable":true,"href":"https:\/\/thomaswillems.de\/mtb\/index.php\/wp-json\/wp\/v2\/tags?post=640"}],"curies":[{"name":"wp","href":"https:\/\/api.w.org\/{rel}","templated":true}]}}