{"id":722,"date":"2023-05-06T16:55:00","date_gmt":"2023-05-06T14:55:00","guid":{"rendered":"https:\/\/thomaswillems.de\/mtb\/?p=722"},"modified":"2023-05-07T16:58:27","modified_gmt":"2023-05-07T14:58:27","slug":"06-05-2023-gruenewald-friedrichshof-goetterhuettentrail","status":"publish","type":"post","link":"https:\/\/thomaswillems.de\/mtb\/index.php\/2023\/05\/06\/06-05-2023-gruenewald-friedrichshof-goetterhuettentrail\/","title":{"rendered":"06.05.2023 Gr\u00fcnewald Friedrichshof G\u00f6tterh\u00fcttentrail"},"content":{"rendered":"\n<p>Nach der sch\u00f6nen Runde vom 26.04. nochmal in die Gegend gefahren.<\/p>\n\n\n\n<p>Kurze Trails rund um den Sauerbrunnen. Weiter \u00fcber die Sang und Eitelsbach hoch zum Gr\u00fcneberg. Dieses mal die Ruine Friedrichshof do oben gefunden. St\u00fcck runter in den Wald und wieder rund um den L\u00f6tschkopf gefahren. An der G\u00f6tterh\u00fctte in den Trail eingestiegen und bis runter gefahren. Da stand ich dann vor einem 3 Meter hohen senkrechten &#8222;Abgrund&#8220;. kein Weg zum runterfahren, die Treppe dort ist mehr eine 3 Meter Leiter. Irgendwie den Abhang runtergerutscht und ab nach Hause.<\/p>\n\n\n\n<figure class=\"wp-block-embed is-type-video is-provider-youtube wp-block-embed-youtube wp-embed-aspect-16-9 wp-has-aspect-ratio\"><div class=\"wp-block-embed__wrapper\">\n<iframe loading=\"lazy\"  id=\"_ytid_85217\"  width=\"640\" height=\"360\"  data-origwidth=\"640\" data-origheight=\"360\" src=\"https:\/\/www.youtube.com\/embed\/QFRKCEgZlL4?enablejsapi=1&#038;autoplay=0&#038;cc_load_policy=0&#038;cc_lang_pref=&#038;iv_load_policy=1&#038;loop=0&#038;rel=1&#038;fs=1&#038;playsinline=0&#038;autohide=2&#038;theme=dark&#038;color=red&#038;controls=1&#038;\" class=\"__youtube_prefs__  epyt-is-override  no-lazyload\" title=\"YouTube player\"  allow=\"fullscreen; accelerometer; autoplay; clipboard-write; encrypted-media; gyroscope; picture-in-picture\" allowfullscreen data-no-lazy=\"1\" data-skipgform_ajax_framebjll=\"\"><\/iframe>\n<\/div><\/figure>\n\n\n\n<iframe loading=\"lazy\" src=\"https:\/\/www.komoot.de\/tour\/1108337195\/embed?profile=1\" width=\"100%\" height=\"700\" frameborder=\"0\" scrolling=\"no\"><\/iframe>\n","protected":false},"excerpt":{"rendered":"<p>Nach der sch\u00f6nen Runde vom 26.04. nochmal in die Gegend gefahren. Kurze Trails rund um den Sauerbrunnen. Weiter \u00fcber die Sang und Eitelsbach hoch zum Gr\u00fcneberg. Dieses mal die Ruine Friedrichshof do oben gefunden. St\u00fcck runter in den Wald und&#8230;<br \/><a class=\"read-more-button\" href=\"https:\/\/thomaswillems.de\/mtb\/index.php\/2023\/05\/06\/06-05-2023-gruenewald-friedrichshof-goetterhuettentrail\/\">Read more<\/a><\/p>\n","protected":false},"author":2,"featured_media":716,"comment_status":"open","ping_status":"open","sticky":false,"template":"","format":"standard","meta":{"ngg_post_thumbnail":0,"footnotes":""},"categories":[1],"tags":[],"class_list":["post-722","post","type-post","status-publish","format-standard","has-post-thumbnail","hentry","category-touren"],"_links":{"self":[{"href":"https:\/\/thomaswillems.de\/mtb\/index.php\/wp-json\/wp\/v2\/posts\/722","targetHints":{"allow":["GET"]}}],"collection":[{"href":"https:\/\/thomaswillems.de\/mtb\/index.php\/wp-json\/wp\/v2\/posts"}],"about":[{"href":"https:\/\/thomaswillems.de\/mtb\/index.php\/wp-json\/wp\/v2\/types\/post"}],"author":[{"embeddable":true,"href":"https:\/\/thomaswillems.de\/mtb\/index.php\/wp-json\/wp\/v2\/users\/2"}],"replies":[{"embeddable":true,"href":"https:\/\/thomaswillems.de\/mtb\/index.php\/wp-json\/wp\/v2\/comments?post=722"}],"version-history":[{"count":1,"href":"https:\/\/thomaswillems.de\/mtb\/index.php\/wp-json\/wp\/v2\/posts\/722\/revisions"}],"predecessor-version":[{"id":723,"href":"https:\/\/thomaswillems.de\/mtb\/index.php\/wp-json\/wp\/v2\/posts\/722\/revisions\/723"}],"wp:featuredmedia":[{"embeddable":true,"href":"https:\/\/thomaswillems.de\/mtb\/index.php\/wp-json\/wp\/v2\/media\/716"}],"wp:attachment":[{"href":"https:\/\/thomaswillems.de\/mtb\/index.php\/wp-json\/wp\/v2\/media?parent=722"}],"wp:term":[{"taxonomy":"category","embeddable":true,"href":"https:\/\/thomaswillems.de\/mtb\/index.php\/wp-json\/wp\/v2\/categories?post=722"},{"taxonomy":"post_tag","embeddable":true,"href":"https:\/\/thomaswillems.de\/mtb\/index.php\/wp-json\/wp\/v2\/tags?post=722"}],"curies":[{"name":"wp","href":"https:\/\/api.w.org\/{rel}","templated":true}]}}